{"id":722,"__str__":"Projeto de Lei Ordin\u00e1ria do Legislativo n\u00ba 23 de 2013","link_detail_backend":"/materia/722","metadata":{},"numero":23,"ano":2013,"numero_protocolo":580,"data_apresentacao":"2013-02-15","tipo_apresentacao":"E","data_publicacao":null,"numero_origem_externa":"","ano_origem_externa":null,"data_origem_externa":null,"apelido":"","dias_prazo":null,"data_fim_prazo":null,"em_tramitacao":false,"polemica":false,"objeto":"","complementar":false,"ementa":"\"DISP\u00d5E SOBRE A CRIA\u00c7\u00c3O E PLANEJAMENTO DE RESERVAS DE VAGAS DESTINADOS AOS IDOSOS E PORTADORES DE DEFICI\u00caNCIA EM VIAS P\u00daBLICAS NO MUNIC\u00cdPIO DE PEDRA PRETA E D\u00c1 OUTRAS PROVIDENCIAS\" ","indexacao":"","observacao":"","resultado":"","texto_original":"http://sapl.pedrapreta.mt.leg.br/media/sapl/public/materialegislativa/2013/722/722_texto_integral.pdf","data_ultima_atualizacao":"2018-10-23T09:55:27.891332-03:00","ip":"","ultima_edicao":null,"tipo":13,"regime_tramitacao":1,"tipo_origem_externa":null,"local_origem_externa":null,"user":null,"anexadas":[],"autores":[5]}